{"id":582,"date":"2024-06-04T10:03:27","date_gmt":"2024-06-04T09:03:27","guid":{"rendered":"https:\/\/motivacio.hu\/wordpress_G\/?p=582"},"modified":"2024-06-04T10:05:10","modified_gmt":"2024-06-04T09:05:10","slug":"egymasra-lepni-tilos-alkotoi-palyazat","status":"publish","type":"post","link":"https:\/\/motivacio.hu\/wordpress_G\/egymasra-lepni-tilos-alkotoi-palyazat\/","title":{"rendered":"Egym\u00e1sra l\u00e9pni tilos! alkot\u00f3i p\u00e1ly\u00e1zat"},"content":{"rendered":"<p>A F\u0151v\u00e1rosi Helyi Es\u00e9lyegyenl\u0151s\u00e9gi Program keret\u00e9ben m\u0171k\u00f6d\u0151 kamp\u00e1nyunkban id\u00e9n is ki\u00edrtuk az Egym\u00e1sra L\u00e9pni Tilos! alkot\u00f3i p\u00e1ly\u00e1zatot. A p\u00e1ly\u00e1zat keret\u00e9ben 3+1 kateg\u00f3ri\u00e1ban ker\u00fclnek d\u00edjaz\u00e1sra a beadott m\u0171vek: irodalom, k\u00e9pz\u0151m\u0171v\u00e9szet \u00e9s kisfilm kateg\u00f3ria mellett egy k\u00f6z\u00f6ns\u00e9gszavaz\u00e1st is tartunk. D\u00edjaz\u00e1sban minden kateg\u00f3ria els\u0151 h\u00e1rom helyezett m\u0171v\u00e9t r\u00e9szes\u00edtj\u00fck, 50 000, 40 000 \u00e9s 30 000 Ft-os \u00f6sszeggel.<br \/>\nAz idei \u00e9vben olyan p\u00e1lyam\u0171veket v\u00e1runk, amelyek bemutatj\u00e1k a soksz\u00edn\u0171 \u00e9s soknemzetis\u00e9g\u0171 Budapesten val\u00f3 egy\u00fctt\u00e9l\u00e9sben rejl\u0151 el\u0151ny\u00f6ket, lehet\u0151s\u00e9geket, \u00e9s azokat a j\u00f3 p\u00e9ld\u00e1kat, amelyekben megmutatkoznak a k\u00f6z\u00f6s gondolkod\u00e1s \u00e9s cselekv\u00e9s pozit\u00edvumai. P\u00e1ly\u00e1z\u00f3inkt\u00f3l azt v\u00e1rjuk, hogy megfogalmazz\u00e1k a befogad\u00e1s \u00e9s t\u00e1rsadalmi beilleszked\u00e9s kih\u00edv\u00e1sait \u00e9s j\u00f3 gyakorlatait, a diszkrimin\u00e1ci\u00f3t\u00f3l mentes v\u00e1ross\u00e1 v\u00e1l\u00e1s j\u00e1rhat\u00f3 \u00fatjait \u00e9s m\u00f3dj\u00e1t, valamint, hogy bemutass\u00e1k, miben j\u00f3 \u00e9s miben van m\u00e9g lehet\u0151s\u00e9g fejl\u0151dnie Budapestnek a j\u00f3 \u00e9s \u00f6sszetart\u00f3 k\u00f6z\u00f6ss\u00e9gg\u00e9 v\u00e1l\u00e1sban.<\/p>\n<p>A p\u00e1ly\u00e1zat bead\u00e1si hat\u00e1rideje j\u00fanius 21, p\u00e9ntek, teh\u00e1t m\u00e9g sz\u0171k egy h\u00f3napja van az alkot\u00f3knak arra, hogy elk\u00e9sz\u00edts\u00e9k m\u0171veiket.<\/p>\n<p><a href=\"http:\/\/egymasralepnitilos.hu\/alkotoi-palyazat\/egymasra_lepni_tilos_2024._ev_palyazati_kiirasa\">A p\u00e1ly\u00e1zati felh\u00edv\u00e1s linkje.<\/a><\/p>\n<p><a href=\"https:\/\/www.facebook.com\/profile.php?id=100064422832401\">A kamp\u00e1ny Facebook oldala, ahol a kor\u00e1bbi p\u00e1ly\u00e1zatok alkot\u00e1sait is megtal\u00e1lod.<\/a><\/p>\n","protected":false},"excerpt":{"rendered":"<p>A F\u0151v\u00e1rosi Helyi Es\u00e9lyegyenl\u0151s\u00e9gi Program keret\u00e9ben m\u0171k\u00f6d\u0151 kamp\u00e1nyunkban id\u00e9n is ki\u00edrtuk az Egym\u00e1sra L\u00e9pni Tilos! alkot\u00f3i p\u00e1ly\u00e1zatot. A p\u00e1ly\u00e1zat keret\u00e9ben 3+1 kateg\u00f3ri\u00e1ban ker\u00fclnek d\u00edjaz\u00e1sra a beadott m\u0171vek: irodalom, k\u00e9pz\u0151m\u0171v\u00e9szet \u00e9s kisfilm kateg\u00f3ria mellett egy k\u00f6z\u00f6ns\u00e9gszavaz\u00e1st is tartunk. D\u00edjaz\u00e1sban minden kateg\u00f3ria els\u0151 h\u00e1rom helyezett m\u0171v\u00e9t r\u00e9szes\u00edtj\u00fck, 50 000, 40 000 \u00e9s 30 000 Ft-os \u00f6sszeggel. Az [&hellip;]<\/p>\n","protected":false},"author":1,"featured_media":0,"comment_status":"open","ping_status":"closed","sticky":false,"template":"","format":"standard","meta":{"footnotes":""},"categories":[1],"tags":[],"class_list":["post-582","post","type-post","status-publish","format-standard","hentry","category-uncategorized"],"_links":{"self":[{"href":"https:\/\/motivacio.hu\/wordpress_G\/wp-json\/wp\/v2\/posts\/582","targetHints":{"allow":["GET"]}}],"collection":[{"href":"https:\/\/motivacio.hu\/wordpress_G\/wp-json\/wp\/v2\/posts"}],"about":[{"href":"https:\/\/motivacio.hu\/wordpress_G\/wp-json\/wp\/v2\/types\/post"}],"author":[{"embeddable":true,"href":"https:\/\/motivacio.hu\/wordpress_G\/wp-json\/wp\/v2\/users\/1"}],"replies":[{"embeddable":true,"href":"https:\/\/motivacio.hu\/wordpress_G\/wp-json\/wp\/v2\/comments?post=582"}],"version-history":[{"count":2,"href":"https:\/\/motivacio.hu\/wordpress_G\/wp-json\/wp\/v2\/posts\/582\/revisions"}],"predecessor-version":[{"id":584,"href":"https:\/\/motivacio.hu\/wordpress_G\/wp-json\/wp\/v2\/posts\/582\/revisions\/584"}],"wp:attachment":[{"href":"https:\/\/motivacio.hu\/wordpress_G\/wp-json\/wp\/v2\/media?parent=582"}],"wp:term":[{"taxonomy":"category","embeddable":true,"href":"https:\/\/motivacio.hu\/wordpress_G\/wp-json\/wp\/v2\/categories?post=582"},{"taxonomy":"post_tag","embeddable":true,"href":"https:\/\/motivacio.hu\/wordpress_G\/wp-json\/wp\/v2\/tags?post=582"}],"curies":[{"name":"wp","href":"https:\/\/api.w.org\/{rel}","templated":true}]}}