{"id":579,"date":"2024-05-22T11:55:00","date_gmt":"2024-05-22T10:55:00","guid":{"rendered":"https:\/\/motivacio.hu\/wordpress_G\/?p=579"},"modified":"2024-05-22T11:55:00","modified_gmt":"2024-05-22T10:55:00","slug":"meghivo-kuratoriumi-ertekezletre","status":"publish","type":"post","link":"https:\/\/motivacio.hu\/wordpress_G\/meghivo-kuratoriumi-ertekezletre\/","title":{"rendered":"Megh\u00edv\u00f3 kurat\u00f3riumi \u00e9rtekezletre"},"content":{"rendered":"<p>&nbsp;<\/p>\n<p>Megh\u00edv\u00f3<br \/>\nKurat\u00f3riumi \u00e9rtekezletre<\/p>\n<p>2024. m\u00e1jus 23.\u00a010:00<br \/>\nAz \u00fcl\u00e9s nyilv\u00e1nos, \u00e9s a<br \/>\nhttps:\/\/meet.google.com\/wtp-waih-yvy<br \/>\nlinken el\u00e9rhet\u0151 a csatlakoz\u00e1s<\/p>\n<p>Kedves kur\u00e1torok, fel\u00fcgyel\u0151bizotts\u00e1gi tagok, \u00e9s egy\u00e9b megh\u00edvottak!<\/p>\n<p>Szeretettel megh\u00edvunk benneteket az aktu\u00e1lisan tartand\u00f3 kurat\u00f3riumi \u00e9rtekezlet\u00fcnkre!<br \/>\nA fentiekben megjel\u00f6lt linkre kattintva v\u00e1runk mindenkit az \u00fcl\u00e9s\u00fcnkre.<br \/>\nTervezett t\u00e9ma \u00e9s program<br \/>\nNapirendi pontok:<br \/>\n\u2981 Az alap\u00edtv\u00e1ny p\u00e9nz\u00fcgyi helyzet\u00e9nek ismertet\u00e9se<br \/>\n\u2981 K\u00f6zhaszn\u00fa besz\u00e1mol\u00f3 ismertet\u00e9se<br \/>\n\u2981 K\u00f6zhaszn\u00fa besz\u00e1mol\u00f3 elfogad\u00e1sa<br \/>\n\u2981 Egy\u00e9b felmer\u00fcl\u0151 t\u00e9m\u00e1k<\/p>\n<p>Mindenki megjelen\u00e9s\u00e9re sz\u00e1m\u00edtunk!<\/p>\n<p>Helmeczi Erika<br \/>\nk\u00e9pvisel\u0151<\/p>\n","protected":false},"excerpt":{"rendered":"<p>&nbsp; Megh\u00edv\u00f3 Kurat\u00f3riumi \u00e9rtekezletre 2024. m\u00e1jus 23.\u00a010:00 Az \u00fcl\u00e9s nyilv\u00e1nos, \u00e9s a https:\/\/meet.google.com\/wtp-waih-yvy linken el\u00e9rhet\u0151 a csatlakoz\u00e1s Kedves kur\u00e1torok, fel\u00fcgyel\u0151bizotts\u00e1gi tagok, \u00e9s egy\u00e9b megh\u00edvottak! Szeretettel megh\u00edvunk benneteket az aktu\u00e1lisan tartand\u00f3 kurat\u00f3riumi \u00e9rtekezlet\u00fcnkre! A fentiekben megjel\u00f6lt linkre kattintva v\u00e1runk mindenkit az \u00fcl\u00e9s\u00fcnkre. Tervezett t\u00e9ma \u00e9s program Napirendi pontok: \u2981 Az alap\u00edtv\u00e1ny p\u00e9nz\u00fcgyi helyzet\u00e9nek ismertet\u00e9se \u2981 K\u00f6zhaszn\u00fa [&hellip;]<\/p>\n","protected":false},"author":1,"featured_media":0,"comment_status":"open","ping_status":"closed","sticky":false,"template":"","format":"standard","meta":{"footnotes":""},"categories":[1],"tags":[],"class_list":["post-579","post","type-post","status-publish","format-standard","hentry","category-uncategorized"],"_links":{"self":[{"href":"https:\/\/motivacio.hu\/wordpress_G\/wp-json\/wp\/v2\/posts\/579","targetHints":{"allow":["GET"]}}],"collection":[{"href":"https:\/\/motivacio.hu\/wordpress_G\/wp-json\/wp\/v2\/posts"}],"about":[{"href":"https:\/\/motivacio.hu\/wordpress_G\/wp-json\/wp\/v2\/types\/post"}],"author":[{"embeddable":true,"href":"https:\/\/motivacio.hu\/wordpress_G\/wp-json\/wp\/v2\/users\/1"}],"replies":[{"embeddable":true,"href":"https:\/\/motivacio.hu\/wordpress_G\/wp-json\/wp\/v2\/comments?post=579"}],"version-history":[{"count":1,"href":"https:\/\/motivacio.hu\/wordpress_G\/wp-json\/wp\/v2\/posts\/579\/revisions"}],"predecessor-version":[{"id":580,"href":"https:\/\/motivacio.hu\/wordpress_G\/wp-json\/wp\/v2\/posts\/579\/revisions\/580"}],"wp:attachment":[{"href":"https:\/\/motivacio.hu\/wordpress_G\/wp-json\/wp\/v2\/media?parent=579"}],"wp:term":[{"taxonomy":"category","embeddable":true,"href":"https:\/\/motivacio.hu\/wordpress_G\/wp-json\/wp\/v2\/categories?post=579"},{"taxonomy":"post_tag","embeddable":true,"href":"https:\/\/motivacio.hu\/wordpress_G\/wp-json\/wp\/v2\/tags?post=579"}],"curies":[{"name":"wp","href":"https:\/\/api.w.org\/{rel}","templated":true}]}}