{"id":378,"date":"2023-11-07T10:47:38","date_gmt":"2023-11-07T10:47:38","guid":{"rendered":"http:\/\/wordpress.motivacio.hu\/wordpress\/?p=378"},"modified":"2024-01-15T09:56:29","modified_gmt":"2024-01-15T09:56:29","slug":"felhivas","status":"publish","type":"post","link":"https:\/\/motivacio.hu\/wordpress_G\/felhivas\/","title":{"rendered":"Felh\u00edv\u00e1s"},"content":{"rendered":"\r\n<p><strong>FELH\u00cdV\u00c1S<\/strong><\/p>\r\n\r\n\r\n\r\n<p><strong>H\u00c1TR\u00c1NYB\u00d3L EL\u0150NYT!<\/strong><\/p>\r\n\r\n\r\n\r\n<p>A Motiv\u00e1ci\u00f3 Alap\u00edtv\u00e1ny a fogyat\u00e9koss\u00e1ggal \u00e9l\u0151 kiskor\u00fa vagy feln\u0151tt gyerek\u00fcket nevel\u0151, gondoz\u00f3 sz\u00fcl\u0151k munkaer\u0151-piaci lehet\u0151s\u00e9geinek n\u00f6vel\u00e9s\u00e9\u00e9rt ind\u00edtja el <strong>H\u00e1tr\u00e1nyb\u00f3l el\u0151nyt!<\/strong> c\u00edm\u0171 programj\u00e1t.<\/p>\r\n\r\n\r\n\r\n<p>A sz\u00fcl\u0151k h\u00e1tr\u00e1nyban vannak a munkaer\u0151-piacon, pedig a gyermeknevel\u00e9s sor\u00e1n szerzett tud\u00e1sok \u00e9s kompetenci\u00e1ik, komoly \u00e9rt\u00e9ket k\u00e9pviselnek a munkav\u00e1llal\u00e1s sor\u00e1n. Ahhoz, hogy a sz\u00fcl\u0151k szakmai tud\u00e1sukat \u00e9s kompetenci\u00e1ikat val\u00f3ban \u00e9rt\u00e9kk\u00e9nt \u00e9lj\u00e9k meg, meger\u0151s\u00edt\u00e9sre, t\u00e1mogat\u00f3 k\u00f6z\u00f6ss\u00e9gre \u00e9s a tud\u00e1s \u00e9rt\u00e9kess\u00e9g\u00e9nek meg\u00e9l\u00e9s\u00e9re van sz\u00fcks\u00e9g\u00fck.<\/p>\r\n\r\n\r\n\r\n<p>Erre h\u00edvjuk a fogyat\u00e9koss\u00e1ggal \u00e9l\u0151 gyerekeket nevel\u0151 sz\u00fcl\u0151ket a programban 8 alkalommal (2023. 11. h\u00f3 \u2013 2024. 05. h\u00f3), amelynek sor\u00e1n megval\u00f3s\u00edtott tr\u00e9ning \u00e9s el\u0151ad\u00e1sok seg\u00edts\u00e9g\u00e9vel mindezen k\u00e9szs\u00e9gek, k\u00e9pess\u00e9gek, tud\u00e1sok, \u00e9s \u00e9rt\u00e9kek tudatos haszn\u00e1l\u00f3j\u00e1v\u00e1 v\u00e1lhatnak.<\/p>\r\n\r\n\r\n\r\n<p><strong>A program tartalma:<\/strong><\/p>\r\n\r\n\r\n\r\n<p>4 alkalom tr\u00e9ning<\/p>\r\n\r\n\r\n\r\n<ul class=\"wp-block-list\">\r\n<li>szerepek \u00e9s kompetenci\u00e1k \u2013 storytelling m\u00f3dszerrel,<\/li>\r\n\r\n\r\n\r\n<li>konfliktuskezel\u00e9s \u00e9s helyzetf\u00fcgg\u0151 viselked\u00e9s \u2013 asszertiv\u00edt\u00e1s,<\/li>\r\n\r\n\r\n\r\n<li>v\u00e1ltoz\u00e1skezel\u00e9s eszk\u00f6zei,<\/li>\r\n\r\n\r\n\r\n<li>egy\u00fcttm\u0171k\u00f6d\u00e9s \u00e9s h\u00e1l\u00f3zat\u00e9p\u00edt\u00e9s.<\/li>\r\n<\/ul>\r\n\r\n\r\n\r\n<p>4 inspir\u00e1ci\u00f3s el\u0151ad\u00e1s.<\/p>\r\n\r\n\r\n\r\n<p>A program sor\u00e1n a r\u00e9sztvev\u0151k sz\u00e1m\u00e1ra &#8211; ig\u00e9ny\u00fck szerint &#8211; ingyenes egy\u00e9ni tan\u00e1csad\u00e1st, jogi tan\u00e1csad\u00e1st, munkaer\u0151-piaci tan\u00e1csad\u00e1st biztos\u00edtunk. A programban val\u00f3 r\u00e9szv\u00e9tel havonta egy alkalom (d\u00e9lel\u0151tti) elfoglalts\u00e1got jelent.<br \/><strong>A program kezdete:<\/strong> 2023. 11. 23., cs\u00fct\u00f6rt\u00f6k, 9-11 \u00f3ra.<\/p>\r\n\r\n\r\n\r\n<p><strong>A program helysz\u00edne:<\/strong> Motiv\u00e1ci\u00f3 Alap\u00edtv\u00e1ny, 1055 Budapest. Honv\u00e9d utca 22.<\/p>\r\n\r\n\r\n\r\n<p>V\u00e1rjuk azokat, akik fogyat\u00e9koss\u00e1ggal \u00e9l\u0151 gyermek\u00fck nevel\u00e9se mellett a munkaer\u0151-piaci visszat\u00e9r\u00e9st tervezik, \u00e9s szeretn\u00e9nek ehhez er\u0151forr\u00e1sokat, lend\u00fcletet, k\u00f6z\u00f6ss\u00e9get kapni.<\/p>\r\n\r\n\r\n\r\n<p><strong>Jelentkez\u00e9s hat\u00e1rideje:<\/strong> 2023. 11. 21., kedd, 16 \u00f3ra.<\/p>\r\n\r\n\r\n\r\n<p><strong>Jelentkez\u00e9s m\u00f3dja \u00e9s tov\u00e1bbi inform\u00e1ci\u00f3:\u00a0 <\/strong>K\u00e1nya Kinga tr\u00e9ner, <a href=\"mailto:kanyakinga@gmail.com\">kanyakinga@gmail.com<\/a>, +36-203383315 \u00e9s T\u00e1nczos Zsuzsa szakmai vezet\u0151, <a href=\"mailto:tanczos.zsuzsa@motivacio.hu\">tanczos.zsuzsa@motivacio.hu<\/a>, +36-302222615.<\/p>\r\n<p><a href=\"https:\/\/motivacio.hu\/wordpress_G\/wp-content\/uploads\/2024\/01\/Felhivas-szulo2023.pdf\">H\u00e1tr\u00e1nyb\u00f3l el\u0151nyt 2023. \u00e9ves felh\u00edv\u00e1s<\/a><\/p>\r\n\r\n\r\n","protected":false},"excerpt":{"rendered":"<p>FELH\u00cdV\u00c1S H\u00c1TR\u00c1NYB\u00d3L EL\u0150NYT! A Motiv\u00e1ci\u00f3 Alap\u00edtv\u00e1ny a fogyat\u00e9koss\u00e1ggal \u00e9l\u0151 kiskor\u00fa vagy feln\u0151tt gyerek\u00fcket nevel\u0151, gondoz\u00f3 sz\u00fcl\u0151k munkaer\u0151-piaci lehet\u0151s\u00e9geinek n\u00f6vel\u00e9s\u00e9\u00e9rt ind\u00edtja el H\u00e1tr\u00e1nyb\u00f3l el\u0151nyt! c\u00edm\u0171 programj\u00e1t. A sz\u00fcl\u0151k h\u00e1tr\u00e1nyban vannak a munkaer\u0151-piacon, pedig a gyermeknevel\u00e9s sor\u00e1n szerzett tud\u00e1sok \u00e9s kompetenci\u00e1ik, komoly \u00e9rt\u00e9ket k\u00e9pviselnek a munkav\u00e1llal\u00e1s sor\u00e1n. Ahhoz, hogy a sz\u00fcl\u0151k szakmai tud\u00e1sukat \u00e9s kompetenci\u00e1ikat val\u00f3ban \u00e9rt\u00e9kk\u00e9nt [&hellip;]<\/p>\n","protected":false},"author":1,"featured_media":0,"comment_status":"closed","ping_status":"closed","sticky":false,"template":"","format":"standard","meta":{"footnotes":""},"categories":[3],"tags":[],"class_list":["post-378","post","type-post","status-publish","format-standard","hentry","category-egyeb"],"_links":{"self":[{"href":"https:\/\/motivacio.hu\/wordpress_G\/wp-json\/wp\/v2\/posts\/378","targetHints":{"allow":["GET"]}}],"collection":[{"href":"https:\/\/motivacio.hu\/wordpress_G\/wp-json\/wp\/v2\/posts"}],"about":[{"href":"https:\/\/motivacio.hu\/wordpress_G\/wp-json\/wp\/v2\/types\/post"}],"author":[{"embeddable":true,"href":"https:\/\/motivacio.hu\/wordpress_G\/wp-json\/wp\/v2\/users\/1"}],"replies":[{"embeddable":true,"href":"https:\/\/motivacio.hu\/wordpress_G\/wp-json\/wp\/v2\/comments?post=378"}],"version-history":[{"count":3,"href":"https:\/\/motivacio.hu\/wordpress_G\/wp-json\/wp\/v2\/posts\/378\/revisions"}],"predecessor-version":[{"id":429,"href":"https:\/\/motivacio.hu\/wordpress_G\/wp-json\/wp\/v2\/posts\/378\/revisions\/429"}],"wp:attachment":[{"href":"https:\/\/motivacio.hu\/wordpress_G\/wp-json\/wp\/v2\/media?parent=378"}],"wp:term":[{"taxonomy":"category","embeddable":true,"href":"https:\/\/motivacio.hu\/wordpress_G\/wp-json\/wp\/v2\/categories?post=378"},{"taxonomy":"post_tag","embeddable":true,"href":"https:\/\/motivacio.hu\/wordpress_G\/wp-json\/wp\/v2\/tags?post=378"}],"curies":[{"name":"wp","href":"https:\/\/api.w.org\/{rel}","templated":true}]}}