{"id":290,"date":"2022-06-30T10:44:03","date_gmt":"2022-06-30T10:44:03","guid":{"rendered":"http:\/\/wordpress.motivacio.hu\/wordpress\/?p=290"},"modified":"2022-06-30T10:44:03","modified_gmt":"2022-06-30T10:44:03","slug":"beszamolo-az-allasborzerol","status":"publish","type":"post","link":"https:\/\/motivacio.hu\/wordpress_G\/beszamolo-az-allasborzerol\/","title":{"rendered":"Besz\u00e1mol\u00f3 az \u00c1ll\u00e1sb\u00f6rz\u00e9r\u0151l"},"content":{"rendered":"\n<p class=\"has-text-align-left\">Nagy sikerrel zajlott le a Motiv\u00e1ci\u00f3 Alap\u00edtv\u00e1ny Munkaer\u0151-piaci Szolg\u00e1ltat\u00e1s\u00e1nak szervez\u00e9s\u00e9ben, a megv\u00e1ltozott munkak\u00e9pess\u00e9g\u0171 munkav\u00e1llal\u00f3k sz\u00e1m\u00e1ra szervezett \u00c1ll\u00e1sb\u00f6rze, az Addetur K\u00f6z\u00e9piskola tornaterm\u00e9ben, 2022. 06. 29., szerd\u00e1n, 10- 12 \u00f3ra k\u00f6z\u00f6tt.<\/p>\n\n\n\n<p class=\"has-text-align-left\">54 munk\u00e1t keres\u0151 szem\u00e9ly \u00e9s 9 munk\u00e1ltat\u00f3 tal\u00e1lkoz\u00e1s\u00e1ra ker\u00fclt sor, emellett az Alap\u00edtv\u00e1ny Munkaer\u0151-piaci Szolg\u00e1ltat\u00e1s\u00e1nak munkatan\u00e1csad\u00f3i seg\u00edtett\u00e9k az \u00e9rdekl\u0151d\u0151ket az eligazod\u00e1sban. <\/p>\n\n\n\n<p class=\"has-text-align-left\">Az esem\u00e9ny a Slachta Margit Nemzeti Szoci\u00e1lpolitikai Int\u00e9zet Foglalkoztat\u00e1s 2021 p\u00e1ly\u00e1zat\u00e1nak finansz\u00edroz\u00e1s\u00e1ban val\u00f3sult meg.<\/p>\n\n\n\n<p>[NPG id=285]<\/p>\n","protected":false},"excerpt":{"rendered":"<p>Nagy sikerrel zajlott le a Motiv\u00e1ci\u00f3 Alap\u00edtv\u00e1ny Munkaer\u0151-piaci Szolg\u00e1ltat\u00e1s\u00e1nak szervez\u00e9s\u00e9ben, a megv\u00e1ltozott munkak\u00e9pess\u00e9g\u0171 munkav\u00e1llal\u00f3k sz\u00e1m\u00e1ra szervezett \u00c1ll\u00e1sb\u00f6rze, az Addetur K\u00f6z\u00e9piskola tornaterm\u00e9ben, 2022. 06. 29., szerd\u00e1n, 10- 12 \u00f3ra k\u00f6z\u00f6tt. 54 munk\u00e1t keres\u0151 szem\u00e9ly \u00e9s 9 munk\u00e1ltat\u00f3 tal\u00e1lkoz\u00e1s\u00e1ra ker\u00fclt sor, emellett az Alap\u00edtv\u00e1ny Munkaer\u0151-piaci Szolg\u00e1ltat\u00e1s\u00e1nak munkatan\u00e1csad\u00f3i seg\u00edtett\u00e9k az \u00e9rdekl\u0151d\u0151ket az eligazod\u00e1sban. Az esem\u00e9ny a Slachta Margit [&hellip;]<\/p>\n","protected":false},"author":1,"featured_media":0,"comment_status":"open","ping_status":"closed","sticky":false,"template":"","format":"standard","meta":{"footnotes":""},"categories":[2,6,4],"tags":[],"class_list":["post-290","post","type-post","status-publish","format-standard","hentry","category-addetur-kozepiskola","category-allasborze","category-foglalkozasi-rehabilitacios-szolgaltatas"],"_links":{"self":[{"href":"https:\/\/motivacio.hu\/wordpress_G\/wp-json\/wp\/v2\/posts\/290","targetHints":{"allow":["GET"]}}],"collection":[{"href":"https:\/\/motivacio.hu\/wordpress_G\/wp-json\/wp\/v2\/posts"}],"about":[{"href":"https:\/\/motivacio.hu\/wordpress_G\/wp-json\/wp\/v2\/types\/post"}],"author":[{"embeddable":true,"href":"https:\/\/motivacio.hu\/wordpress_G\/wp-json\/wp\/v2\/users\/1"}],"replies":[{"embeddable":true,"href":"https:\/\/motivacio.hu\/wordpress_G\/wp-json\/wp\/v2\/comments?post=290"}],"version-history":[{"count":0,"href":"https:\/\/motivacio.hu\/wordpress_G\/wp-json\/wp\/v2\/posts\/290\/revisions"}],"wp:attachment":[{"href":"https:\/\/motivacio.hu\/wordpress_G\/wp-json\/wp\/v2\/media?parent=290"}],"wp:term":[{"taxonomy":"category","embeddable":true,"href":"https:\/\/motivacio.hu\/wordpress_G\/wp-json\/wp\/v2\/categories?post=290"},{"taxonomy":"post_tag","embeddable":true,"href":"https:\/\/motivacio.hu\/wordpress_G\/wp-json\/wp\/v2\/tags?post=290"}],"curies":[{"name":"wp","href":"https:\/\/api.w.org\/{rel}","templated":true}]}}